{"id":1967,"date":"2022-07-06T19:15:18","date_gmt":"2022-07-06T19:15:18","guid":{"rendered":"https:\/\/prometeu.md\/?p=1967"},"modified":"2022-07-06T19:18:08","modified_gmt":"2022-07-06T19:18:08","slug":"1967","status":"publish","type":"post","link":"https:\/\/prometeu.md\/index.php\/2022\/07\/06\/1967\/","title":{"rendered":""},"content":{"rendered":"\n<p>O noutate ce ne face m\u00e2ndri de prometei\u0219tii no\u0219tri\u2757 \ud83e\udd47Elevul clasei a IX-a \u201eB\u201d al LCI \u201ePrometeu-Prim\u201d Marius Golban, la prima sa participare, \u00een cadrul Campionatului Na\u021bional de Judo, a devenit campion na\u021bional \u201eUnder 21\u201d la categoria de greutate 55 kg!!!\ud83c\udfc6 \u3297\ufe0fCu acest prilej, \u00eel felicit\u0103m pe t\u00e2n\u0103rul judocan, pe antrenorul s\u0103u &#8211; Igor Neagu, pe mentorul \u0219i tat\u0103l s\u0103u &#8211; Andrei Golban, pre\u0219edintele Federa\u021biei Moldovene\u0219ti de Judo, pentru excelentul rezultat ob\u021binut! \ud83d\udca1Muhammad Ali afirma: \u201eCampionii nu se nasc \u00een s\u0103lile de sport. Campionii sunt f\u0103cu\u021bi din ceea ce au mai ad\u00e2nc s\u0103dit \u00een ei: o dorin\u021b\u0103, un vis, o chemare.\u201d, iar noi vom str\u0103dui ca tot ceea ce sem\u0103n\u0103m \u0219i cultiv\u0103m \u00een visurile elevilor no\u0219tri s\u0103 aduc\u0103 neap\u0103rat roade bune, precum este aceast\u0103 victorie, ce reprezint\u0103 doar un \u00eenceput al unei istorii de succes, pe care o urm\u0103rim cu admira\u021bie.\u2728<\/p>\n","protected":false},"excerpt":{"rendered":"<p>O noutate ce ne face m\u00e2ndri de prometei\u0219tii no\u0219tri\u2757 \ud83e\udd47Elevul clasei a IX-a \u201eB\u201d al LCI \u201ePrometeu-Prim\u201d Marius Golban, la prima sa participare, \u00een cadrul Campionatului Na\u021bional de Judo, a devenit campion na\u021bional \u201eUnder 21\u201d la categoria de greutate 55 kg!!!\ud83c\udfc6 \u3297\ufe0fCu acest prilej, \u00eel felicit\u0103m pe t\u00e2n\u0103rul judocan, pe antrenorul s\u0103u &#8211; Igor Neagu, [&hellip;]<\/p>\n","protected":false},"author":1,"featured_media":1441,"comment_status":"open","ping_status":"open","sticky":false,"template":"","format":"standard","meta":{"footnotes":""},"categories":[45],"tags":[],"table_tags":[],"yoast_head":"<!-- This site is optimized with the Yoast SEO plugin v21.6 - https:\/\/yoast.com\/wordpress\/plugins\/seo\/ -->\n<title>- Prometeu<\/title>\n<meta name=\"robots\" content=\"index, follow, max-snippet:-1, max-image-preview:large, max-video-preview:-1\" \/>\n<link rel=\"canonical\" href=\"https:\/\/prometeu.md\/index.php\/2022\/07\/06\/1967\/\" \/>\n<meta property=\"og:locale\" content=\"ro_RO\" \/>\n<meta property=\"og:type\" content=\"article\" \/>\n<meta property=\"og:title\" content=\"- Prometeu\" \/>\n<meta property=\"og:description\" content=\"O noutate ce ne face m\u00e2ndri de prometei\u0219tii no\u0219tri\u2757 \ud83e\udd47Elevul clasei a IX-a \u201eB\u201d al LCI \u201ePrometeu-Prim\u201d Marius Golban, la prima sa participare, \u00een cadrul Campionatului Na\u021bional de Judo, a devenit campion na\u021bional \u201eUnder 21\u201d la categoria de greutate 55 kg!!!\ud83c\udfc6 \u3297\ufe0fCu acest prilej, \u00eel felicit\u0103m pe t\u00e2n\u0103rul judocan, pe antrenorul s\u0103u &#8211; Igor Neagu, [&hellip;]\" \/>\n<meta property=\"og:url\" content=\"https:\/\/prometeu.md\/index.php\/2022\/07\/06\/1967\/\" \/>\n<meta property=\"og:site_name\" content=\"Prometeu\" \/>\n<meta property=\"article:publisher\" content=\"https:\/\/www.facebook.com\/liceulprometeu\/\" \/>\n<meta property=\"article:published_time\" content=\"2022-07-06T19:15:18+00:00\" \/>\n<meta property=\"article:modified_time\" content=\"2022-07-06T19:18:08+00:00\" \/>\n<meta property=\"og:image\" content=\"https:\/\/prometeu.md\/wp-content\/uploads\/2022\/03\/274711404_1173164669888923_2433457678316218842_n.jpg\" \/>\n\t<meta property=\"og:image:width\" content=\"600\" \/>\n\t<meta property=\"og:image:height\" content=\"503\" \/>\n\t<meta property=\"og:image:type\" content=\"image\/jpeg\" \/>\n<meta name=\"author\" content=\"admin\" \/>\n<meta name=\"twitter:card\" content=\"summary_large_image\" \/>\n<meta name=\"twitter:label1\" content=\"Scris de\" \/>\n\t<meta name=\"twitter:data1\" content=\"admin\" \/>\n\t<meta name=\"twitter:label2\" content=\"Timp estimat pentru citire\" \/>\n\t<meta name=\"twitter:data2\" content=\"1 minut\" \/>\n<script type=\"application\/ld+json\" class=\"yoast-schema-graph\">{\"@context\":\"https:\/\/schema.org\",\"@graph\":[{\"@type\":\"Article\",\"@id\":\"https:\/\/prometeu.md\/index.php\/2022\/07\/06\/1967\/#article\",\"isPartOf\":{\"@id\":\"https:\/\/prometeu.md\/index.php\/2022\/07\/06\/1967\/\"},\"author\":{\"name\":\"admin\",\"@id\":\"https:\/\/prometeu.md\/#\/schema\/person\/ad0f173604b0a825af896ad2d2b695da\"},\"headline\":\"F\u0103r\u0103 titlu\",\"datePublished\":\"2022-07-06T19:15:18+00:00\",\"dateModified\":\"2022-07-06T19:18:08+00:00\",\"mainEntityOfPage\":{\"@id\":\"https:\/\/prometeu.md\/index.php\/2022\/07\/06\/1967\/\"},\"wordCount\":167,\"commentCount\":0,\"publisher\":{\"@id\":\"https:\/\/prometeu.md\/#organization\"},\"articleSection\":[\"Performante\"],\"inLanguage\":\"ro-RO\",\"potentialAction\":[{\"@type\":\"CommentAction\",\"name\":\"Comment\",\"target\":[\"https:\/\/prometeu.md\/index.php\/2022\/07\/06\/1967\/#respond\"]}]},{\"@type\":\"WebPage\",\"@id\":\"https:\/\/prometeu.md\/index.php\/2022\/07\/06\/1967\/\",\"url\":\"https:\/\/prometeu.md\/index.php\/2022\/07\/06\/1967\/\",\"name\":\"- Prometeu\",\"isPartOf\":{\"@id\":\"https:\/\/prometeu.md\/#website\"},\"datePublished\":\"2022-07-06T19:15:18+00:00\",\"dateModified\":\"2022-07-06T19:18:08+00:00\",\"inLanguage\":\"ro-RO\",\"potentialAction\":[{\"@type\":\"ReadAction\",\"target\":[\"https:\/\/prometeu.md\/index.php\/2022\/07\/06\/1967\/\"]}]},{\"@type\":\"WebSite\",\"@id\":\"https:\/\/prometeu.md\/#website\",\"url\":\"https:\/\/prometeu.md\/\",\"name\":\"Prometeu\",\"description\":\"\",\"publisher\":{\"@id\":\"https:\/\/prometeu.md\/#organization\"},\"potentialAction\":[{\"@type\":\"SearchAction\",\"target\":{\"@type\":\"EntryPoint\",\"urlTemplate\":\"https:\/\/prometeu.md\/?s={search_term_string}\"},\"query-input\":\"required name=search_term_string\"}],\"inLanguage\":\"ro-RO\"},{\"@type\":\"Organization\",\"@id\":\"https:\/\/prometeu.md\/#organization\",\"name\":\"Prometeu-Prim\",\"url\":\"https:\/\/prometeu.md\/\",\"logo\":{\"@type\":\"ImageObject\",\"inLanguage\":\"ro-RO\",\"@id\":\"https:\/\/prometeu.md\/#\/schema\/logo\/image\/\",\"url\":\"https:\/\/prometeu.md\/wp-content\/uploads\/2021\/11\/LogoLOgo-prometeu.png\",\"contentUrl\":\"https:\/\/prometeu.md\/wp-content\/uploads\/2021\/11\/LogoLOgo-prometeu.png\",\"width\":110,\"height\":110,\"caption\":\"Prometeu-Prim\"},\"image\":{\"@id\":\"https:\/\/prometeu.md\/#\/schema\/logo\/image\/\"},\"sameAs\":[\"https:\/\/www.facebook.com\/liceulprometeu\/\"]},{\"@type\":\"Person\",\"@id\":\"https:\/\/prometeu.md\/#\/schema\/person\/ad0f173604b0a825af896ad2d2b695da\",\"name\":\"admin\",\"image\":{\"@type\":\"ImageObject\",\"inLanguage\":\"ro-RO\",\"@id\":\"https:\/\/prometeu.md\/#\/schema\/person\/image\/\",\"url\":\"https:\/\/secure.gravatar.com\/avatar\/a8ced9b1eb1399af6026907c06bcf52c?s=96&d=mm&r=g\",\"contentUrl\":\"https:\/\/secure.gravatar.com\/avatar\/a8ced9b1eb1399af6026907c06bcf52c?s=96&d=mm&r=g\",\"caption\":\"admin\"},\"sameAs\":[\"https:\/\/nou.prometeu.md\"],\"url\":\"https:\/\/prometeu.md\/index.php\/author\/admin_xdnng895\/\"}]}<\/script>\n<!-- \/ Yoast SEO plugin. -->","yoast_head_json":{"title":"- Prometeu","robots":{"index":"index","follow":"follow","max-snippet":"max-snippet:-1","max-image-preview":"max-image-preview:large","max-video-preview":"max-video-preview:-1"},"canonical":"https:\/\/prometeu.md\/index.php\/2022\/07\/06\/1967\/","og_locale":"ro_RO","og_type":"article","og_title":"- Prometeu","og_description":"O noutate ce ne face m\u00e2ndri de prometei\u0219tii no\u0219tri\u2757 \ud83e\udd47Elevul clasei a IX-a \u201eB\u201d al LCI \u201ePrometeu-Prim\u201d Marius Golban, la prima sa participare, \u00een cadrul Campionatului Na\u021bional de Judo, a devenit campion na\u021bional \u201eUnder 21\u201d la categoria de greutate 55 kg!!!\ud83c\udfc6 \u3297\ufe0fCu acest prilej, \u00eel felicit\u0103m pe t\u00e2n\u0103rul judocan, pe antrenorul s\u0103u &#8211; Igor Neagu, [&hellip;]","og_url":"https:\/\/prometeu.md\/index.php\/2022\/07\/06\/1967\/","og_site_name":"Prometeu","article_publisher":"https:\/\/www.facebook.com\/liceulprometeu\/","article_published_time":"2022-07-06T19:15:18+00:00","article_modified_time":"2022-07-06T19:18:08+00:00","og_image":[{"width":600,"height":503,"url":"https:\/\/prometeu.md\/wp-content\/uploads\/2022\/03\/274711404_1173164669888923_2433457678316218842_n.jpg","type":"image\/jpeg"}],"author":"admin","twitter_card":"summary_large_image","twitter_misc":{"Scris de":"admin","Timp estimat pentru citire":"1 minut"},"schema":{"@context":"https:\/\/schema.org","@graph":[{"@type":"Article","@id":"https:\/\/prometeu.md\/index.php\/2022\/07\/06\/1967\/#article","isPartOf":{"@id":"https:\/\/prometeu.md\/index.php\/2022\/07\/06\/1967\/"},"author":{"name":"admin","@id":"https:\/\/prometeu.md\/#\/schema\/person\/ad0f173604b0a825af896ad2d2b695da"},"headline":"F\u0103r\u0103 titlu","datePublished":"2022-07-06T19:15:18+00:00","dateModified":"2022-07-06T19:18:08+00:00","mainEntityOfPage":{"@id":"https:\/\/prometeu.md\/index.php\/2022\/07\/06\/1967\/"},"wordCount":167,"commentCount":0,"publisher":{"@id":"https:\/\/prometeu.md\/#organization"},"articleSection":["Performante"],"inLanguage":"ro-RO","potentialAction":[{"@type":"CommentAction","name":"Comment","target":["https:\/\/prometeu.md\/index.php\/2022\/07\/06\/1967\/#respond"]}]},{"@type":"WebPage","@id":"https:\/\/prometeu.md\/index.php\/2022\/07\/06\/1967\/","url":"https:\/\/prometeu.md\/index.php\/2022\/07\/06\/1967\/","name":"- Prometeu","isPartOf":{"@id":"https:\/\/prometeu.md\/#website"},"datePublished":"2022-07-06T19:15:18+00:00","dateModified":"2022-07-06T19:18:08+00:00","inLanguage":"ro-RO","potentialAction":[{"@type":"ReadAction","target":["https:\/\/prometeu.md\/index.php\/2022\/07\/06\/1967\/"]}]},{"@type":"WebSite","@id":"https:\/\/prometeu.md\/#website","url":"https:\/\/prometeu.md\/","name":"Prometeu","description":"","publisher":{"@id":"https:\/\/prometeu.md\/#organization"},"potentialAction":[{"@type":"SearchAction","target":{"@type":"EntryPoint","urlTemplate":"https:\/\/prometeu.md\/?s={search_term_string}"},"query-input":"required name=search_term_string"}],"inLanguage":"ro-RO"},{"@type":"Organization","@id":"https:\/\/prometeu.md\/#organization","name":"Prometeu-Prim","url":"https:\/\/prometeu.md\/","logo":{"@type":"ImageObject","inLanguage":"ro-RO","@id":"https:\/\/prometeu.md\/#\/schema\/logo\/image\/","url":"https:\/\/prometeu.md\/wp-content\/uploads\/2021\/11\/LogoLOgo-prometeu.png","contentUrl":"https:\/\/prometeu.md\/wp-content\/uploads\/2021\/11\/LogoLOgo-prometeu.png","width":110,"height":110,"caption":"Prometeu-Prim"},"image":{"@id":"https:\/\/prometeu.md\/#\/schema\/logo\/image\/"},"sameAs":["https:\/\/www.facebook.com\/liceulprometeu\/"]},{"@type":"Person","@id":"https:\/\/prometeu.md\/#\/schema\/person\/ad0f173604b0a825af896ad2d2b695da","name":"admin","image":{"@type":"ImageObject","inLanguage":"ro-RO","@id":"https:\/\/prometeu.md\/#\/schema\/person\/image\/","url":"https:\/\/secure.gravatar.com\/avatar\/a8ced9b1eb1399af6026907c06bcf52c?s=96&d=mm&r=g","contentUrl":"https:\/\/secure.gravatar.com\/avatar\/a8ced9b1eb1399af6026907c06bcf52c?s=96&d=mm&r=g","caption":"admin"},"sameAs":["https:\/\/nou.prometeu.md"],"url":"https:\/\/prometeu.md\/index.php\/author\/admin_xdnng895\/"}]}},"blog_post_layout_featured_media_urls":{"thumbnail":["https:\/\/prometeu.md\/wp-content\/uploads\/2022\/03\/274711404_1173164669888923_2433457678316218842_n-150x150.jpg",150,150,true],"full":["https:\/\/prometeu.md\/wp-content\/uploads\/2022\/03\/274711404_1173164669888923_2433457678316218842_n.jpg",600,503,false]},"categories_names":{"45":{"name":"Performante","link":"https:\/\/prometeu.md\/index.php\/category\/performante\/"}},"tags_names":[],"comments_number":"0","_links":{"self":[{"href":"https:\/\/prometeu.md\/index.php\/wp-json\/wp\/v2\/posts\/1967"}],"collection":[{"href":"https:\/\/prometeu.md\/index.php\/wp-json\/wp\/v2\/posts"}],"about":[{"href":"https:\/\/prometeu.md\/index.php\/wp-json\/wp\/v2\/types\/post"}],"author":[{"embeddable":true,"href":"https:\/\/prometeu.md\/index.php\/wp-json\/wp\/v2\/users\/1"}],"replies":[{"embeddable":true,"href":"https:\/\/prometeu.md\/index.php\/wp-json\/wp\/v2\/comments?post=1967"}],"version-history":[{"count":1,"href":"https:\/\/prometeu.md\/index.php\/wp-json\/wp\/v2\/posts\/1967\/revisions"}],"predecessor-version":[{"id":1968,"href":"https:\/\/prometeu.md\/index.php\/wp-json\/wp\/v2\/posts\/1967\/revisions\/1968"}],"wp:featuredmedia":[{"embeddable":true,"href":"https:\/\/prometeu.md\/index.php\/wp-json\/wp\/v2\/media\/1441"}],"wp:attachment":[{"href":"https:\/\/prometeu.md\/index.php\/wp-json\/wp\/v2\/media?parent=1967"}],"wp:term":[{"taxonomy":"category","embeddable":true,"href":"https:\/\/prometeu.md\/index.php\/wp-json\/wp\/v2\/categories?post=1967"},{"taxonomy":"post_tag","embeddable":true,"href":"https:\/\/prometeu.md\/index.php\/wp-json\/wp\/v2\/tags?post=1967"},{"taxonomy":"table_tags","embeddable":true,"href":"https:\/\/prometeu.md\/index.php\/wp-json\/wp\/v2\/table_tags?post=1967"}],"curies":[{"name":"wp","href":"https:\/\/api.w.org\/{rel}","templated":true}]}}